{"id":20591,"date":"2021-02-20T10:49:02","date_gmt":"2021-02-20T07:49:02","guid":{"rendered":"http:\/\/www.icpe.ro\/ro\/?p=20591"},"modified":"2021-03-11T16:34:09","modified_gmt":"2021-03-11T13:34:09","slug":"mobilitatea-electrica","status":"publish","type":"post","link":"https:\/\/www.icpe.ro\/ro\/mobilitatea-electrica\/","title":{"rendered":"Icpe 70+. Mobilitatea electric\u0103 \u00een Icpe \u00eenc\u0103 din anul 1973"},"content":{"rendered":"<p>[vc_row][vc_column width=&#8221;1\/1&#8243;][vc_column_text]<\/p>\n<div style=\"font-family: arial, helvetica, sans-serif; font-size: 12px; margin-bottom: 14px;\">Anul acesta, TESLA MOTORS \u0219i-a inaugurat un birou \u00een Rom\u00e2nia (<a href=\"https:\/\/www.zf.ro\/auto\/este-oficial-elon-musk-si-a-deschis-un-birou-la-bucuresti-unde-se-19900919\">vezi link<\/a>). P\u00e2n\u0103 acum, pe harta TESLA, Rom\u00e2nia figura la \u201eEurope-Other countries\u201d adic\u0103 no name. Ne bucur\u0103 prezen\u021ba TESLA cu automobile electrice \u0219i superchargere \u00een Rom\u00e2nia. Tocmai de aceea, sper\u0103m ca \u0219i cele de mai jos, s\u0103 fie de interes.<\/div>\n<div style=\"font-family: arial, helvetica, sans-serif; font-size: 12px; margin-bottom: 14px;\">\u00cen anul 1973, \u00a0<a href=\"http:\/\/www.icpe.ro\"><strong>Icpe<\/strong><\/a>\u00a0 pune bazele primei <strong>cercet\u0103ri rom\u00e2ne\u0219ti<\/strong> \u00een domeniul <strong>mobilit\u0103\u021bii electrice.<\/strong> La Icpe, cunoscut ca \u201dIcpe-Institutul de Cercet\u0103ri Electrotehnice\u201d este fondat primul colectiv ce avea s\u0103 dezvolte domeniul mobilit\u0103\u021bii electrice la nivel <strong>na\u021bional.<\/strong> Un proiect cu realiz\u0103ri at\u00e2t de interesante \u00eenc\u00e2t a fost documentat de BBC (<a href=\"https:\/\/www.youtube.com\/watch?v=cgSGeO1Lb5o\">vezi video<\/a>). \u00cen colectivul format la Icpe, \u00ee\u0219i desf\u0103\u0219oar\u0103 activitatea \u0219i se remarc\u0103, inventatori ce au pus Rom\u00e2nia pe harta cercet\u0103rii mondiale, printre ei enumer\u0103m personalit\u0103\u021bi ca: <a href=\"https:\/\/ro.wikipedia.org\/wiki\/Justin_Capr%C4%83\">Justin Capr\u0103<\/a> \u0219i Sigismul Sleiher. \u00cen anii \u201880, \u0219eful laboratorului de <a href=\"http:\/\/www.icpe.ro\/w-files\/Electric_Mobility_Program.pdf\"><strong>MA\u0218INI ELECTRICE<\/strong><\/a> din Icpe venea la serviciu, \u00een Bd. Tudor Vladimirescu, cu o <strong>motociclet\u0103 transformat\u0103 electric<\/strong>, cu motor cu rotor disc \u0219i driver, <strong>conceput\u0103<\/strong> la Icpe.<\/div>\n<div style=\"font-family: arial, helvetica, sans-serif; font-size: 12px; margin-bottom: 14px;\"><strong>Tradi\u021bia continu\u0103<\/strong><strong>!<\/strong><\/div>\n<div style=\"font-family: arial, helvetica, sans-serif; font-size: 12px; margin-bottom: 14px;\"><strong>\u00a0<\/strong>Dup\u0103 anii 2000, Icpe pune bazele Asocia\u021biei pentru promovarea vehiculelor electrice in Romania &#8211; <a href=\"http:\/\/www.AVER.ro\"><strong>AVER<\/strong><\/a>, organiza\u021bie nonprofit, ce se constituie imediat ca primul \u0219i singurul <strong>vector de imagine<\/strong> pentru promovarea <strong>mobilit\u0103\u021bii electrice<\/strong> la nivel na\u021bional. AVER, prin sus\u021binerea Icpe, devine din anul 2015, singura entitate din Rom\u00e2nia membr\u0103 \u00een Asocia\u021bia europeana pentru electromobilitate &#8211; <a href=\"http:\/\/catre www.avere.org\"><strong>AVERE<\/strong><\/a> \u0219i implicit \u00een Asocia\u021bia mondiala a vehiculelor electrice &#8211; <a href=\"http:\/\/www.weva.org\"><strong>WEVA<\/strong><\/a>.<\/div>\n<div style=\"font-family: arial, helvetica, sans-serif; font-size: 12px; margin-bottom: 14px;\"><strong>Icpe<\/strong>, coagul\u00e2nd interesul general pentru promovarea domeniului, \u00een consor\u021bii na\u021bionale sau interna\u021bionale de <strong>elit\u0103<\/strong>, continu\u0103 promovarea persistent\u0103 a <strong>vehiculului electric<\/strong> cu o serie de realiz\u0103ri \u00een premiera pentru Rom\u00e2nia. In anul 2002, realizeaz\u0103 o conversie <strong>termic-electric<\/strong> pe o variant\u0103 <strong>Dacia,<\/strong> \u00een care se implementeaz\u0103 fr\u00e2narea regenerativ\u0103, sistem <strong>inovativ <\/strong>folosit ast\u0103zi \u00een structura tuturor vehiculelor electrice de serie \u0219i un sistem de propulsie <strong>electric-hibrid<\/strong> pentru un vehicul off-road. \u00cen anul 2004, \u00een colaborarea cu Universitatea \u201d<strong>Politehnica<\/strong>\u201d din Bucure\u0219ti \u0219i grupul Subansamble Auto Pite\u0219ti, realizeaz\u0103 conversia termic-electric pentru o <strong>Dacia Solenza<\/strong>, fiind primul automobil rom\u00e2nesc electric cu o autonomie de peste 150 km, capabil s\u0103 circule pe drumurile publice, cu omologare\u00a0 RAR. \u00cen anul 2006, <strong>Icpe<\/strong>, \u00eempreun\u0103 cu fabricantul de baterii \u201d<strong>CARANDA BATERII<\/strong>\u201d realizeaz\u0103 sistemul electric de <strong>propulsie<\/strong> al unui microbuz <strong>Mercedes Sprinter<\/strong>, cu o baterie de acumulatori montat\u0103 pe un sertar interschimbabil \u00een numai 10 de minute, implement\u00e2nd \u00een <strong>premier\u0103<\/strong> tehnologia\u00a0 <strong>BATERY SWAP<\/strong>. In anul 2008, Icpe realizeaz\u0103 sistemul de propulsie electric\u0103 pentru un catamaran, cu aport suplimentar de energie de la un <strong>sistem fotovoltaic<\/strong>, pentru rezerva\u021bia biosferei Deltei Dun\u0103rii. C\u00e2\u021biva ani mai t\u00e2rziu este realizat\u0103 \u00een premier\u0103 \u00een Romania, prima conversie termic-electric a unui automobil de epoca tip <strong>Volkswagen Beetle<\/strong> 1968, solu\u021bie ecologica pentru\u00a0 autoturisme de epoc\u0103, ale c\u0103ror piese de schimb sunt greu de procurat. Proiectul s-a bucurat de un succes imens \u0219i a fost popularizat pe toate canalele media (<a href=\"https:\/\/stirileprotv.ro\/stiri\/actualitate\/cat-costa-sa-transformi-o-rabla-intr-un-autoturism-electric-performant-drumul-bucuresti-constanta-ar-ajunge-la-2-euro.html\">vezi link<\/a>).<\/div>\n<div style=\"font-family: arial, helvetica, sans-serif; font-size: 12px; margin-bottom: 14px;\"><strong>Speciali\u0219tii Icpe<\/strong> sus\u021bin de mul\u021bi ani cursul de masterat pentru <strong>MOBILITATE ELECTRIC\u0102<\/strong> la facultatea de Inginerie Electric\u0103 din UPB, iar la \u00eemplinirea a patru decenii de activitate de pionierat \u00een domeniul mobilit\u0103\u021bii electrice, Icpe, prin cea mai titrat\u0103 editur\u0103 tehnic\u0103 din Romania \u2013 <a href=\"http:\/\/www.editura-electra.ro\"><strong>ELECTRA<\/strong><\/a>\u00a0 a sus\u021binut publicarea c\u0103r\u021bii \u201e<a href=\"http:\/\/www.editura-electra.ro\/produs\/automobile-electrice-si-hibride\/\">Automobile electrice si hibride<\/a>. V. Racicovschi, G. Danciu, M. Chefneux\u201d , autorii, nemijlocit implica\u021bi \u00een activitatea de <strong>cercetare <\/strong>\u00een domeniul mobilit\u0103\u021bii electrice, au reu\u0219it s\u0103 structureze un compendium al tuturor realiz\u0103rilor Icpe \u0219i cele rom\u00e2ne\u0219ti \u00een leg\u0103tur\u0103 cu vehiculul electric.<\/div>\n<div style=\"font-family: arial, helvetica, sans-serif; font-size: 12px; margin-bottom: 14px;\">\u00cencep\u00e2nd cu anul 2001, Icpe \u0219i AVER organizeaz\u0103 <strong>prima conferin\u021ba \u0219tiin\u021bific\u0103<\/strong> din Rom\u00e2nia <strong>dedicata mobilit\u0103\u021bii electrice<\/strong>, a doua edi\u021bie fiind deja popularizat\u0103 \u00een <strong>prestigioasa publica\u021bie<\/strong> online <strong>EVWorld.com<\/strong> (Romanians Host EV-2002 Conference). Ajuns\u0103 la a <strong>13-a edi\u021bie<\/strong>, conferin\u021ba a devenit recunoscut\u0103 interna\u021bional \u0219i se bucur\u0103 de participarea a peste <strong>300 de speciali\u0219ti<\/strong> din \u021bar\u0103 \u0219i str\u0103in\u0103tate, la fiecare edi\u021bie, \u00eenso\u021bit\u0103 de cel mai <strong>complet show<\/strong> de vehicule si <strong>gadget-uri electrice<\/strong> din Romania (<a href=\"http:\/\/www.evshow.ro\">http:\/\/www.evshow.ro<\/a>), la ultimele edi\u021bii particip\u00e2nd \u0219i TESLA MOTORS.<\/div>\n<div style=\"font-family: arial, helvetica, sans-serif; font-size: 12px; margin-bottom: 14px;\">Ne trebuie oare un <strong>PROGRAM NA\u021aIONAL<\/strong> \u00een domeniul mobilit\u0103\u021bii electrice?<\/div>\n<p><strong><em>V\u0103 a\u0219tept\u0103m la EV 2022!<\/em><\/strong>[\/vc_column_text][\/vc_column][\/vc_row]<\/p>\n","protected":false},"excerpt":{"rendered":"<p>[vc_row][vc_column width=&#8221;1\/1&#8243;][vc_column_text] Anul acesta, TESLA MOTORS \u0219i-a inaugurat un birou \u00een Rom\u00e2nia (vezi link). P\u00e2n\u0103 acum, pe harta TESLA, Rom\u00e2nia figura la \u201eEurope-Other countries\u201d adic\u0103 no name. Ne bucur\u0103 prezen\u021ba TESLA cu automobile electrice \u0219i superchargere \u00een Rom\u00e2nia. Tocmai de aceea, sper\u0103m ca \u0219i cele de mai jos, s\u0103 fie de interes. \u00cen anul 1973, \u00a0Icpe\u00a0 pune bazele primei cercet\u0103ri rom\u00e2ne\u0219ti \u00een domeniul mobilit\u0103\u021bii electrice. La Icpe, cunoscut ca \u201dIcpe-Institutul de Cercet\u0103ri Electrotehnice\u201d este fondat primul colectiv ce avea s\u0103 dezvolte domeniul mobilit\u0103\u021bii electrice la nivel na\u021bional. Un proiect cu realiz\u0103ri at\u00e2t de interesante \u00eenc\u00e2t a fost documentat de BBC (vezi video). \u00cen colectivul format la Icpe, \u00ee\u0219i desf\u0103\u0219oar\u0103 activitatea \u0219i se remarc\u0103, inventatori ce au pus Rom\u00e2nia pe harta cercet\u0103rii mondiale, printre ei enumer\u0103m personalit\u0103\u021bi ca: Justin Capr\u0103 \u0219i Sigismul Sleiher. \u00cen anii \u201880, \u0219eful laboratorului de MA\u0218INI ELECTRICE din Icpe venea la serviciu, \u00een Bd. Tudor Vladimirescu, cu o motociclet\u0103 transformat\u0103 electric, cu motor cu rotor disc \u0219i driver, conceput\u0103 la Icpe. Tradi\u021bia continu\u0103! \u00a0Dup\u0103 anii 2000, Icpe pune bazele Asocia\u021biei pentru promovarea vehiculelor electrice in Romania &#8211; AVER, organiza\u021bie nonprofit, ce se constituie imediat ca primul \u0219i singurul vector de imagine pentru promovarea mobilit\u0103\u021bii electrice la nivel [&hellip;]<\/p>\n","protected":false},"author":2,"featured_media":20592,"comment_status":"closed","ping_status":"open","sticky":false,"template":"","format":"standard","meta":[],"categories":[35],"tags":[],"post_folder":[],"_links":{"self":[{"href":"https:\/\/www.icpe.ro\/ro\/wp-json\/wp\/v2\/posts\/20591"}],"collection":[{"href":"https:\/\/www.icpe.ro\/ro\/wp-json\/wp\/v2\/posts"}],"about":[{"href":"https:\/\/www.icpe.ro\/ro\/wp-json\/wp\/v2\/types\/post"}],"author":[{"embeddable":true,"href":"https:\/\/www.icpe.ro\/ro\/wp-json\/wp\/v2\/users\/2"}],"replies":[{"embeddable":true,"href":"https:\/\/www.icpe.ro\/ro\/wp-json\/wp\/v2\/comments?post=20591"}],"version-history":[{"count":0,"href":"https:\/\/www.icpe.ro\/ro\/wp-json\/wp\/v2\/posts\/20591\/revisions"}],"wp:featuredmedia":[{"embeddable":true,"href":"https:\/\/www.icpe.ro\/ro\/wp-json\/wp\/v2\/media\/20592"}],"wp:attachment":[{"href":"https:\/\/www.icpe.ro\/ro\/wp-json\/wp\/v2\/media?parent=20591"}],"wp:term":[{"taxonomy":"category","embeddable":true,"href":"https:\/\/www.icpe.ro\/ro\/wp-json\/wp\/v2\/categories?post=20591"},{"taxonomy":"post_tag","embeddable":true,"href":"https:\/\/www.icpe.ro\/ro\/wp-json\/wp\/v2\/tags?post=20591"},{"taxonomy":"post_folder","embeddable":true,"href":"https:\/\/www.icpe.ro\/ro\/wp-json\/wp\/v2\/post_folder?post=20591"}],"curies":[{"name":"wp","href":"https:\/\/api.w.org\/{rel}","templated":true}]}}