{"id":16882,"date":"2016-11-04T15:03:25","date_gmt":"2016-11-04T12:03:25","guid":{"rendered":"http:\/\/www.incdie-icpe.ro\/ro\/?p=16882"},"modified":"2017-07-13T15:04:52","modified_gmt":"2017-07-13T12:04:52","slug":"dr-mihai-maricaru","status":"publish","type":"post","link":"http:\/\/www.icpe.ro\/ro\/dr-mihai-maricaru\/","title":{"rendered":"Dezvelirea pl\u0103cii memoriale Dr. Mihai MARICARU la Laboratorul de \u00eencerc\u0103ri la \u00eenalt\u0103 tensiune Icpe"},"content":{"rendered":"<p>Mar\u021bi, 8 noiembrie 2016 \u00eencep\u00e2nd cu ora 13:30 Laboratorul de \u00eencerc\u0103ri la \u00eenalt\u0103 tensiune al Icpe &#8211; unul din cele dou\u0103 laboratoare de acest fel existente \u00een Rom\u00e2nia &#8211; va g\u0103zdui un eveniment pentru comemorarea Dr. Mihai Maricaru specialist al Icpe \u00een tehnica tensiunilor \u00eenalte, care \u0219i-a dedicat \u00eentreaga via\u021b\u0103 acestui domeniu ingineresc, eveniment \u00een cadrul c\u0103ruia va avea loc dezvelirea pl\u0103cii memoriale dedicat\u0103 Doctorului Mihai Maricaru \u2013 1943-2002. \u00cencep\u00e2nd de mar\u021bi, Laboratorul de \u00eencerc\u0103ri la \u00eenalt\u0103 tensiune va purta numele \u201eDr. Mihai MARICARU\u201d.<\/p>\n<p>La eveniment vor participa, pentru a-l omagia pe dr. Mihai Maricaru chiar de ziua Sf. Mihail \u0219i Gavril, familia, colegi \u0219i prieteni apropia\u021bi precum \u0219i personalit\u0103\u021bi din domeniu.<\/p>\n<p>Placa memorial\u0103 a fost realizat\u0103 de artistul gravor Paul Zaman.<\/p>\n","protected":false},"excerpt":{"rendered":"<p>Mar\u021bi, 8 noiembrie 2016 \u00eencep\u00e2nd cu ora 13:30 Laboratorul de \u00eencerc\u0103ri la \u00eenalt\u0103 tensiune al Icpe &#8211; unul din cele dou\u0103 laboratoare de acest fel existente \u00een Rom\u00e2nia &#8211; va g\u0103zdui un eveniment pentru comemorarea Dr. Mihai Maricaru specialist al Icpe \u00een tehnica tensiunilor \u00eenalte, care \u0219i-a dedicat \u00eentreaga via\u021b\u0103 acestui domeniu ingineresc, eveniment \u00een cadrul c\u0103ruia va avea loc dezvelirea pl\u0103cii memoriale dedicat\u0103 Doctorului Mihai Maricaru \u2013 1943-2002. \u00cencep\u00e2nd de mar\u021bi, Laboratorul de \u00eencerc\u0103ri la \u00eenalt\u0103 tensiune va purta numele \u201eDr. Mihai MARICARU\u201d. La eveniment vor participa, pentru a-l omagia pe dr. Mihai Maricaru chiar de ziua Sf. Mihail \u0219i Gavril, familia, colegi \u0219i prieteni apropia\u021bi precum \u0219i personalit\u0103\u021bi din domeniu. Placa memorial\u0103 a fost realizat\u0103 de artistul gravor Paul Zaman.<\/p>\n","protected":false},"author":1,"featured_media":16883,"comment_status":"closed","ping_status":"open","sticky":false,"template":"","format":"standard","meta":[],"categories":[35],"tags":[],"post_folder":[],"_links":{"self":[{"href":"http:\/\/www.icpe.ro\/ro\/wp-json\/wp\/v2\/posts\/16882"}],"collection":[{"href":"http:\/\/www.icpe.ro\/ro\/wp-json\/wp\/v2\/posts"}],"about":[{"href":"http:\/\/www.icpe.ro\/ro\/wp-json\/wp\/v2\/types\/post"}],"author":[{"embeddable":true,"href":"http:\/\/www.icpe.ro\/ro\/wp-json\/wp\/v2\/users\/1"}],"replies":[{"embeddable":true,"href":"http:\/\/www.icpe.ro\/ro\/wp-json\/wp\/v2\/comments?post=16882"}],"version-history":[{"count":0,"href":"http:\/\/www.icpe.ro\/ro\/wp-json\/wp\/v2\/posts\/16882\/revisions"}],"wp:featuredmedia":[{"embeddable":true,"href":"http:\/\/www.icpe.ro\/ro\/wp-json\/wp\/v2\/media\/16883"}],"wp:attachment":[{"href":"http:\/\/www.icpe.ro\/ro\/wp-json\/wp\/v2\/media?parent=16882"}],"wp:term":[{"taxonomy":"category","embeddable":true,"href":"http:\/\/www.icpe.ro\/ro\/wp-json\/wp\/v2\/categories?post=16882"},{"taxonomy":"post_tag","embeddable":true,"href":"http:\/\/www.icpe.ro\/ro\/wp-json\/wp\/v2\/tags?post=16882"},{"taxonomy":"post_folder","embeddable":true,"href":"http:\/\/www.icpe.ro\/ro\/wp-json\/wp\/v2\/post_folder?post=16882"}],"curies":[{"name":"wp","href":"https:\/\/api.w.org\/{rel}","templated":true}]}}